{"id":1827,"date":"2026-03-12T21:40:17","date_gmt":"2026-03-12T20:40:17","guid":{"rendered":"https:\/\/agenux.org\/?p=1827"},"modified":"2026-03-25T17:55:10","modified_gmt":"2026-03-25T16:55:10","slug":"compte-rendu-de-la-reunion-du-samedi-7-mars","status":"publish","type":"post","link":"https:\/\/agenux.org\/?p=1827","title":{"rendered":"Compte rendu de la r\u00e9union du samedi 7 mars"},"content":{"rendered":"\n<p>Pr\u00e9sents\u00a0: Philippe Gia, Philippe Gim, Paul, Jean-Michel, Jean-Seb, Ludo, Eric, Lucile, Patrick et Didier en visio<\/p>\n\n\n\n<p>Excus\u00e9&nbsp;: Denis<\/p>\n\n\n\n<p>Prochaines activit\u00e9s en mars et avril<\/p>\n\n\n\n<!--more-->\n\n\n\n<p><strong>1- Rencontre avec l\u2019association Au fil des S\u00e9ounes<\/strong><\/p>\n\n\n\n<p>Philippe Gia, Philippe Gim et Paul ont r\u00e9pondu \u00e0 la demande des salari\u00e9s de l\u2019association. Une fois par mois sur un cr\u00e9neau \u00e0 d\u00e9finir, aGeNUx pourrait r\u00e9pondre aux besoins des adh\u00e9rents de l\u2019association Au fil des S\u00e9ounes. Il a \u00e9t\u00e9 envisag\u00e9 une adh\u00e9sion crois\u00e9e comme lors de notre pr\u00e9c\u00e9dente coop\u00e9ration. L\u2019association utilise la BOC47.<\/p>\n\n\n\n<p><strong>2 &#8211; Bilan de la journ\u00e9e&nbsp; de formation interne<\/strong><\/p>\n\n\n\n<p>Installation de syst\u00e8mes alternatifs, Lineage OS et \/e\/OS, sur smartphones et tablettes Andro\u00efd.<\/p>\n\n\n\n<p>Avec LineageOS sur un Fairphone 3, il n\u2019y a pas eu de probl\u00e8me.<br>&nbsp;Avec \/e\/OS sur un Samsung A53, il y a eu quelques difficult\u00e9s, principalement li\u00e9es au mode op\u00e9ratoire (partie obsol\u00e8te + manque de clart\u00e9).. La recherche et les erreurs ont <s>a<\/s> \u00e9t\u00e9 formatrices.<\/p>\n\n\n\n<p>Les&nbsp;ROMS GSI peuvent \u00eatre install\u00e9es sur tous les smartphones \u00e0 partir d\u2019Android 9, mais l\u2019op\u00e9ration n\u2019est pas tr\u00e8s simple. Trop exp\u00e9rimental pour \u00eatre propos\u00e9 comme alternative.<\/p>\n\n\n\n<p>LineageOS et \/e\/OS peuvent &nbsp;\u00eatre propos\u00e9es pour les t\u00e9l\u00e9phones pris en charge&nbsp;: ce sont des ROMS abouties et suivies.&nbsp;<\/p>\n\n\n\n<p>Une autre journ\u00e9e de formation est pr\u00e9vue le samedi 23 mai de 9h30 \u00e0 16h.<\/p>\n\n\n\n<h5 class=\"wp-block-heading\" style=\"font-size:17px\"><strong>3 &#8211; Les<\/strong> listes<\/h5>\n\n\n\n<p>Mod\u00e9ration de la liste<\/p>\n\n\n\n<p>Ludo est administrateur de la liste abul. JSeb transmet le mail&nbsp;du nouvel adh\u00e9rent \u00e0 Ludo afin qu\u2019il l\u2019inscrive sur les listes..<\/p>\n\n\n\n<p>La r\u00e9union rappelle que les points de la chartre doivent \u00eatre respect\u00e9s pour l\u2019utilisation de la liste<\/p>\n\n\n\n<p>JSeb et Philippe Gim feront une lettre de relance aupr\u00e8s des anciens adh\u00e9rents qui n\u2019ont pas renouvel\u00e9 leur adh\u00e9sion cette ann\u00e9e.<\/p>\n\n\n\n<p><strong>4 &#8211; Le Nextcloud d&#8217;aGeNUx<\/strong><\/p>\n\n\n\n<p>Par le Nexcloud d\u2019aGeNUx on a acc\u00e8s au serveur de la BOC47<\/p>\n\n\n\n<p>R\u00e9flexions sur les possibilit\u00e9s de changer de serveur quand cela sera possible \u00e0 la BOC47 mais il faut recr\u00e9er les emails<\/p>\n\n\n\n<p>(ouvaton.coop fait partie des \u00ab&nbsp;chatons&nbsp;\u00bb avec possibilit\u00e9 de mails)<\/p>\n\n\n\n<p>Voir \u00e9galement avec le service \u00ab&nbsp;INFOLETTRE&nbsp;\u00bb de la BOC47.&nbsp;<\/p>\n\n\n\n<p><strong>5 &#8211; Demande de subventions<\/strong><\/p>\n\n\n\n<p>Avant fin mars.<\/p>\n\n\n\n<p>Philippe Gia, Jseb, et Eric vont remplir les dossiers.<\/p>\n\n\n\n<p><strong>6 &#8211; Les conseillers num\u00e9riques<\/strong><\/p>\n\n\n\n<p>Rencontre \u00e0 d\u00e9finir aupr\u00e8s des Conseillers Num\u00e9riques de N\u00e9rac, Tonneins. Pr\u00e9voir des outils leur permettant d\u2019utiliser les syst\u00e8mes libres.<\/p>\n\n\n\n<p>Phil Gia va contacter Caroline Montoux, coordinatrice des conseillers num\u00e9riques du 47, afin de proposer de les former \u00e0 GNU\/Linux.<\/p>\n\n\n\n<p><strong>7 &#8211; M\u00e9diath\u00e8que de Bo\u00e9<\/strong><\/p>\n\n\n\n<p>Installe partie le 21 mars de 14h \u00e0 17h<\/p>\n\n\n\n<p><strong>8 &#8211; Festival de la P\u2019tite Garenne \u00e0 N\u00e9rac,<\/strong><\/p>\n\n\n\n<p>Samedi apr\u00e8s midi 4 avril. ( Didier, Philippe Gia, Patrick)<\/p>\n\n\n\n<p><strong>9 &#8211; Ateliers<\/strong><\/p>\n\n\n\n<p>Certains concerneraient les sujets pr\u00e9occupants et non ma\u00eetris\u00e9s, par exemple les arnaques re\u00e7ues par courrier, le coffre fort pour les mots de passe, les sauvegardes, le cloud &#8230; et aussi selon la demande la possibilit\u00e9 d\u2019approfondir les connaissances dans l\u2019usage de certains logiciels.<\/p>\n\n\n\n<p>Dans le cadre de Libre en F\u00eate, le premier atelier concernera l\u2019utilisation d\u2019un coffre fort pour les mots de passe&nbsp;; il se tiendra le samedi 18 avril de 9h30 \u00e0 midi au Campus Num\u00e9rique salle Barjavel.<\/p>\n\n\n\n<p>10 &#8211;&nbsp;Marm<strong>ande<\/strong><\/p>\n\n\n\n<p>&nbsp;Installe Partie samedi 14 mars \u00e0 la Maison des Associations, 18 Boulevard  Dr Raymond<\/p>\n\n\n\n<p>Installe Partie dimanche 19 avril (Philippe Gia)<\/p>\n\n\n\n<p>Fin de la r\u00e9union : 12h.<\/p>\n","protected":false},"excerpt":{"rendered":"<p>Pr\u00e9sents\u00a0: Philippe Gia, Philippe Gim, Paul, Jean-Michel, Jean-Seb, Ludo, Eric, Lucile, Patrick et Didier en visio Excus\u00e9&nbsp;: Denis Prochaines activit\u00e9s en mars et avril<\/p>\n","protected":false},"author":9,"featured_media":0,"comment_status":"open","ping_status":"open","sticky":false,"template":"","format":"standard","meta":{"_s2mail":"yes","footnotes":""},"categories":[17,1],"tags":[],"class_list":["post-1827","post","type-post","status-publish","format-standard","hentry","category-compte-rendus-de-reunion","category-non-classe"],"_links":{"self":[{"href":"https:\/\/agenux.org\/index.php?rest_route=\/wp\/v2\/posts\/1827","targetHints":{"allow":["GET"]}}],"collection":[{"href":"https:\/\/agenux.org\/index.php?rest_route=\/wp\/v2\/posts"}],"about":[{"href":"https:\/\/agenux.org\/index.php?rest_route=\/wp\/v2\/types\/post"}],"author":[{"embeddable":true,"href":"https:\/\/agenux.org\/index.php?rest_route=\/wp\/v2\/users\/9"}],"replies":[{"embeddable":true,"href":"https:\/\/agenux.org\/index.php?rest_route=%2Fwp%2Fv2%2Fcomments&post=1827"}],"version-history":[{"count":0,"href":"https:\/\/agenux.org\/index.php?rest_route=\/wp\/v2\/posts\/1827\/revisions"}],"wp:attachment":[{"href":"https:\/\/agenux.org\/index.php?rest_route=%2Fwp%2Fv2%2Fmedia&parent=1827"}],"wp:term":[{"taxonomy":"category","embeddable":true,"href":"https:\/\/agenux.org\/index.php?rest_route=%2Fwp%2Fv2%2Fcategories&post=1827"},{"taxonomy":"post_tag","embeddable":true,"href":"https:\/\/agenux.org\/index.php?rest_route=%2Fwp%2Fv2%2Ftags&post=1827"}],"curies":[{"name":"wp","href":"https:\/\/api.w.org\/{rel}","templated":true}]}}